{"id":65322,"date":"2025-06-26T09:23:10","date_gmt":"2025-06-26T07:23:10","guid":{"rendered":"https:\/\/www.mitsm.de\/?p=65322"},"modified":"2025-06-26T09:32:23","modified_gmt":"2025-06-26T07:32:23","slug":"mitsm-goes-schweiz","status":"publish","type":"post","link":"https:\/\/www.mitsm.de\/mitsm-goes-schweiz\/","title":{"rendered":"mITSM goes Schweiz \u2013 Weiterbildung kennt keine Grenzen"},"content":{"rendered":"\n<figure class=\"wp-block-image size-large\"><img decoding=\"async\" width=\"1024\" height=\"576\" src=\"https:\/\/www.mitsm.de\/wp-content\/uploads\/2025\/06\/mITSM-goes-Schweiz-1-1024x576.png\" alt=\"\" class=\"wp-image-65846\" srcset=\"https:\/\/www.mitsm.de\/wp-content\/uploads\/2025\/06\/mITSM-goes-Schweiz-1-1024x576.png 1024w, https:\/\/www.mitsm.de\/wp-content\/uploads\/2025\/06\/mITSM-goes-Schweiz-1-300x169.png 300w, https:\/\/www.mitsm.de\/wp-content\/uploads\/2025\/06\/mITSM-goes-Schweiz-1-768x432.png 768w, https:\/\/www.mitsm.de\/wp-content\/uploads\/2025\/06\/mITSM-goes-Schweiz-1-275x155.png 275w, https:\/\/www.mitsm.de\/wp-content\/uploads\/2025\/06\/mITSM-goes-Schweiz-1-100x56.png 100w, https:\/\/www.mitsm.de\/wp-content\/uploads\/2025\/06\/mITSM-goes-Schweiz-1-242x136.png 242w, https:\/\/www.mitsm.de\/wp-content\/uploads\/2025\/06\/mITSM-goes-Schweiz-1-400x225.png 400w, https:\/\/www.mitsm.de\/wp-content\/uploads\/2025\/06\/mITSM-goes-Schweiz-1-710x399.png 710w, https:\/\/www.mitsm.de\/wp-content\/uploads\/2025\/06\/mITSM-goes-Schweiz-1.png 1280w\" sizes=\"(max-width: 1024px) 100vw, 1024px\" \/><\/figure>\n\n\n\n<p>Immer wieder erreichen uns Anfragen aus der Schweiz \u2013 zu Themen wie ITIL, ISO 27001 oder K\u00fcnstliche Intelligenz. Die Nachfrage zeigt uns: Der Bedarf an professioneller, praxisnaher Weiterbildung ist da. Genau deshalb haben wir uns entschieden, mITSM nun auch offiziell f\u00fcr den Schweizer Markt aufzustellen \u2013 mit eigener Website und CHF-Abrechnung.<\/p>\n\n\n\n<div class=\"wp-block-media-text is-stacked-on-mobile is-style-default\" style=\"grid-template-columns:27% auto\"><figure class=\"wp-block-media-text__media\"><img decoding=\"async\" width=\"768\" height=\"1024\" src=\"https:\/\/www.mitsm.de\/wp-content\/uploads\/2025\/06\/Stefan_Haerle_0131-Bearbeitet34-768x1024.jpg\" alt=\"\" class=\"wp-image-65328 size-full\" srcset=\"https:\/\/www.mitsm.de\/wp-content\/uploads\/2025\/06\/Stefan_Haerle_0131-Bearbeitet34-768x1024.jpg 768w, https:\/\/www.mitsm.de\/wp-content\/uploads\/2025\/06\/Stefan_Haerle_0131-Bearbeitet34-225x300.jpg 225w, https:\/\/www.mitsm.de\/wp-content\/uploads\/2025\/06\/Stefan_Haerle_0131-Bearbeitet34-1152x1536.jpg 1152w, https:\/\/www.mitsm.de\/wp-content\/uploads\/2025\/06\/Stefan_Haerle_0131-Bearbeitet34-1536x2048.jpg 1536w, https:\/\/www.mitsm.de\/wp-content\/uploads\/2025\/06\/Stefan_Haerle_0131-Bearbeitet34-100x133.jpg 100w, https:\/\/www.mitsm.de\/wp-content\/uploads\/2025\/06\/Stefan_Haerle_0131-Bearbeitet34-242x323.jpg 242w, https:\/\/www.mitsm.de\/wp-content\/uploads\/2025\/06\/Stefan_Haerle_0131-Bearbeitet34-400x533.jpg 400w, https:\/\/www.mitsm.de\/wp-content\/uploads\/2025\/06\/Stefan_Haerle_0131-Bearbeitet34-710x947.jpg 710w, https:\/\/www.mitsm.de\/wp-content\/uploads\/2025\/06\/Stefan_Haerle_0131-Bearbeitet34.jpg 1800w\" sizes=\"(max-width: 768px) 100vw, 768px\" \/><\/figure><div class=\"wp-block-media-text__content\">\n<p>\u201eBereits heute nutzen zahlreiche Schweizer Kunden unsere Schulungsangebote \u00fcber die deutsche Website \u2013 ein deutliches Signal f\u00fcr die Relevanz unseres Angebots im Schweizer Markt\u201c, sagt Stefan H\u00e4rle, Gesch\u00e4ftsf\u00fchrer von mITSM. \u201eDer offizielle Markteintritt erm\u00f6glicht es uns, diesen Bedarf gezielter zu bedienen, unsere Leistungen regional anzupassen und den Service zu verbessern. Die Schweiz bietet mit ihrer Bildungsorientierung und Stabilit\u00e4t ein ideales Umfeld, um unsere Pr\u00e4senz auszubauen und Kundenbeziehungen zu st\u00e4rken. Dabei ist uns wichtig, auch in Sprache, Stil und Qualit\u00e4t den Erwartungen unserer Schweizer Kundschaft gerecht zu werden \u2013 auf eine Weise, die sich ganz klar Swiss anf\u00fchlt.\u201c<\/p>\n<\/div><\/div>\n\n\n\n<p>Ob Informationssicherheit, IT Service Management, Cybersecurity oder KI \u2013 unsere Online- und Inhouse-Schulungen bieten Schweizer Unternehmen eine flexible, hochwertige und direkte M\u00f6glichkeit zur Qualifizierung ihrer Mitarbeitenden. Dabei unterst\u00fctzen uns auch Trainerinnen und Trainer aus der Schweiz. Sie bringen nicht nur Fachkompetenz, sondern auch ein tiefes Verst\u00e4ndnis f\u00fcr die Schweizer Arbeitswelt mit.<\/p>\n\n\n\n<p>\u201eViele Schweizer Unternehmen sind sehr qualit\u00e4tsbewusst. Das passt zu unserem Anspruch, Weiterbildung auf h\u00f6chstem Niveau anzubieten\u201c, so Stefan H\u00e4rle weiter. \u201eUnsere Trainerinnen und Trainer bringen nicht nur jahrelange Erfahrung aus der Praxis mit, sondern verstehen es auch, komplexe Inhalte verst\u00e4ndlich und praxisnah zu vermitteln. Das sch\u00e4tzen unsere Teilnehmenden und das ist genau der Qualit\u00e4tsanspruch, den wir auch in der Schweiz erlebbar machen wollen.\u201c<\/p>\n\n\n\n<div class=\"wp-block-media-text is-stacked-on-mobile\" style=\"grid-template-columns:29% auto\"><figure class=\"wp-block-media-text__media\"><img decoding=\"async\" width=\"710\" height=\"552\" src=\"https:\/\/www.mitsm.de\/wp-content\/uploads\/2025\/04\/SZ-InstitutAuszeichnung-2025-2.png\" alt=\"\" class=\"wp-image-57323 size-full\" srcset=\"https:\/\/www.mitsm.de\/wp-content\/uploads\/2025\/04\/SZ-InstitutAuszeichnung-2025-2.png 710w, https:\/\/www.mitsm.de\/wp-content\/uploads\/2025\/04\/SZ-InstitutAuszeichnung-2025-2-300x233.png 300w, https:\/\/www.mitsm.de\/wp-content\/uploads\/2025\/04\/SZ-InstitutAuszeichnung-2025-2-100x78.png 100w, https:\/\/www.mitsm.de\/wp-content\/uploads\/2025\/04\/SZ-InstitutAuszeichnung-2025-2-242x188.png 242w, https:\/\/www.mitsm.de\/wp-content\/uploads\/2025\/04\/SZ-InstitutAuszeichnung-2025-2-400x311.png 400w\" sizes=\"(max-width: 710px) 100vw, 710px\" \/><\/figure><div class=\"wp-block-media-text__content\">\n<p>Dass wir diesem Anspruch gerecht werden, wurde uns auch offiziell best\u00e4tigt: mITSM wurde 2025 vom SZ Institut als <strong>bester Anbieter f\u00fcr Weiterbildung in IT-Sicherheit <\/strong>ausgezeichnet. Auch in den Kategorien <strong>Agiles Coaching und Training<\/strong>, <strong>Weiterbildung Digitale Kompetenzen (Transformation, KI etc.)<\/strong>, <strong>Weiterbildung IT und Informatik<\/strong> und <strong>Weiterbildung Projekt- und Prozessmanagement<\/strong> geh\u00f6ren wir zur Spitze. <a href=\"https:\/\/www.sueddeutsche.de\/advertorial\/sz-institut\/berufliche-weiterbildung-2025\/\">Hier gehts zum vollst\u00e4ndigen Artikel der S\u00fcddeutschen Zeitung<\/a>.<\/p>\n<\/div><\/div>\n\n\n\n<p>Der Markteintritt in der Schweiz ist f\u00fcr uns ein strategisch wichtiger Schritt und ein klares Bekenntnis zu langfristiger Partnerschaft, digitaler Exzellenz und gemeinsamer Weiterentwicklung.<\/p>\n\n\n\n<p>Willkommen bei mITSM Schweiz!<\/p>\n","protected":false},"excerpt":{"rendered":"<p>Immer wieder erreichen uns Anfragen aus der Schweiz \u2013 zu Themen wie ITIL, ISO 27001 oder K\u00fcnstliche Intelligenz. Die Nachfrage zeigt uns: Der Bedarf an professioneller, praxisnaher Weiterbildung ist da. Genau deshalb haben wir uns entschieden, mITSM nun auch offiziell \u2026&nbsp;<a class=\"moretag\" href=\"https:\/\/www.mitsm.de\/mitsm-goes-schweiz\/\">weiterlesen<\/a><\/p>\n","protected":false},"author":23,"featured_media":65846,"comment_status":"closed","ping_status":"closed","sticky":false,"template":"","format":"standard","meta":{"_improvement_type_select":"improve_an_existing","_thumb_yes_seoaic":false,"_frame_yes_seoaic":false,"seoaic_generate_description":"","seoaic_improve_instructions_prompt":"","seoaic_rollback_content_improvement":"","seoaic_idea_thumbnail_generator":"","thumbnail_generated":false,"thumbnail_generate_prompt":"","seoaic_article_description":"","seoaic_article_subtitles":[],"footnotes":""},"categories":[1],"tags":[],"class_list":["post-65322","post","type-post","status-publish","format-standard","has-post-thumbnail","hentry","category-nicht-kategorisiert"],"yoast_head":"<!-- This site is optimized with the Yoast SEO Premium plugin v27.4 (Yoast SEO v27.5) - https:\/\/yoast.com\/product\/yoast-seo-premium-wordpress\/ -->\n<title>mITSM goes Schweiz \u2013 Weiterbildung kennt keine Grenzen - mITSM<\/title>\n<meta name=\"description\" content=\"Schulungen inkl. Zertifizierungen f\u00fcr die Schweiz: ITIL, ISO 27001 &amp; KI-Trainings - praxisnah und mit pers\u00f6nlicher Betreuung.\" \/>\n<meta name=\"robots\" content=\"index, follow, max-snippet:-1, max-image-preview:large, max-video-preview:-1\" \/>\n<link rel=\"canonical\" href=\"https:\/\/www.mitsm.de\/mitsm-goes-schweiz\/\" \/>\n<meta property=\"og:locale\" content=\"de_DE\" \/>\n<meta property=\"og:type\" content=\"article\" \/>\n<meta property=\"og:title\" content=\"mITSM goes Schweiz \u2013 Weiterbildung kennt keine Grenzen\" \/>\n<meta property=\"og:description\" content=\"Schulungen inkl. Zertifizierungen f\u00fcr die Schweiz: ITIL, ISO 27001 &amp; KI-Trainings - praxisnah und mit pers\u00f6nlicher Betreuung.\" \/>\n<meta property=\"og:url\" content=\"https:\/\/www.mitsm.de\/mitsm-goes-schweiz\/\" \/>\n<meta property=\"og:site_name\" content=\"mITSM\" \/>\n<meta property=\"article:publisher\" content=\"https:\/\/www.facebook.com\/mITSM.ITSM\/\" \/>\n<meta property=\"article:published_time\" content=\"2025-06-26T07:23:10+00:00\" \/>\n<meta property=\"article:modified_time\" content=\"2025-06-26T07:32:23+00:00\" \/>\n<meta property=\"og:image\" content=\"https:\/\/www.mitsm.de\/wp-content\/uploads\/2025\/06\/mITSM-goes-Schweiz-1.png\" \/>\n\t<meta property=\"og:image:width\" content=\"1280\" \/>\n\t<meta property=\"og:image:height\" content=\"720\" \/>\n\t<meta property=\"og:image:type\" content=\"image\/png\" \/>\n<meta name=\"author\" content=\"Amelie Baldauf\" \/>\n<meta name=\"twitter:card\" content=\"summary_large_image\" \/>\n<meta name=\"twitter:creator\" content=\"@mITSM_GmbH\" \/>\n<meta name=\"twitter:site\" content=\"@mITSM_GmbH\" \/>\n<meta name=\"twitter:label1\" content=\"Verfasst von\" \/>\n\t<meta name=\"twitter:data1\" content=\"Amelie Baldauf\" \/>\n\t<meta name=\"twitter:label2\" content=\"Gesch\u00e4tzte Lesezeit\" \/>\n\t<meta name=\"twitter:data2\" content=\"3\u00a0Minuten\" \/>\n<script type=\"application\/ld+json\" class=\"yoast-schema-graph\">{\"@context\":\"https:\\\/\\\/schema.org\",\"@graph\":[{\"@type\":\"Article\",\"@id\":\"https:\\\/\\\/www.mitsm.de\\\/mitsm-goes-schweiz\\\/#article\",\"isPartOf\":{\"@id\":\"https:\\\/\\\/www.mitsm.de\\\/mitsm-goes-schweiz\\\/\"},\"author\":{\"name\":\"Amelie Baldauf\",\"@id\":\"https:\\\/\\\/www.mitsm.de\\\/#\\\/schema\\\/person\\\/2bd7646eca2c88ccdc5d736600b450e6\"},\"headline\":\"mITSM goes Schweiz \u2013 Weiterbildung kennt keine Grenzen\",\"datePublished\":\"2025-06-26T07:23:10+00:00\",\"dateModified\":\"2025-06-26T07:32:23+00:00\",\"mainEntityOfPage\":{\"@id\":\"https:\\\/\\\/www.mitsm.de\\\/mitsm-goes-schweiz\\\/\"},\"wordCount\":378,\"publisher\":{\"@id\":\"https:\\\/\\\/www.mitsm.de\\\/#organization\"},\"image\":{\"@id\":\"https:\\\/\\\/www.mitsm.de\\\/mitsm-goes-schweiz\\\/#primaryimage\"},\"thumbnailUrl\":\"https:\\\/\\\/www.mitsm.de\\\/wp-content\\\/uploads\\\/2025\\\/06\\\/mITSM-goes-Schweiz-1.png\",\"articleSection\":[\"Nicht kategorisiert\"],\"inLanguage\":\"de\"},{\"@type\":\"WebPage\",\"@id\":\"https:\\\/\\\/www.mitsm.de\\\/mitsm-goes-schweiz\\\/\",\"url\":\"https:\\\/\\\/www.mitsm.de\\\/mitsm-goes-schweiz\\\/\",\"name\":\"mITSM goes Schweiz \u2013 Weiterbildung kennt keine Grenzen - mITSM\",\"isPartOf\":{\"@id\":\"https:\\\/\\\/www.mitsm.de\\\/#website\"},\"primaryImageOfPage\":{\"@id\":\"https:\\\/\\\/www.mitsm.de\\\/mitsm-goes-schweiz\\\/#primaryimage\"},\"image\":{\"@id\":\"https:\\\/\\\/www.mitsm.de\\\/mitsm-goes-schweiz\\\/#primaryimage\"},\"thumbnailUrl\":\"https:\\\/\\\/www.mitsm.de\\\/wp-content\\\/uploads\\\/2025\\\/06\\\/mITSM-goes-Schweiz-1.png\",\"datePublished\":\"2025-06-26T07:23:10+00:00\",\"dateModified\":\"2025-06-26T07:32:23+00:00\",\"description\":\"Schulungen inkl. Zertifizierungen f\u00fcr die Schweiz: ITIL, ISO 27001 & KI-Trainings - praxisnah und mit pers\u00f6nlicher Betreuung.\",\"breadcrumb\":{\"@id\":\"https:\\\/\\\/www.mitsm.de\\\/mitsm-goes-schweiz\\\/#breadcrumb\"},\"inLanguage\":\"de\",\"potentialAction\":[{\"@type\":\"ReadAction\",\"target\":[\"https:\\\/\\\/www.mitsm.de\\\/mitsm-goes-schweiz\\\/\"]}]},{\"@type\":\"ImageObject\",\"inLanguage\":\"de\",\"@id\":\"https:\\\/\\\/www.mitsm.de\\\/mitsm-goes-schweiz\\\/#primaryimage\",\"url\":\"https:\\\/\\\/www.mitsm.de\\\/wp-content\\\/uploads\\\/2025\\\/06\\\/mITSM-goes-Schweiz-1.png\",\"contentUrl\":\"https:\\\/\\\/www.mitsm.de\\\/wp-content\\\/uploads\\\/2025\\\/06\\\/mITSM-goes-Schweiz-1.png\",\"width\":1280,\"height\":720},{\"@type\":\"BreadcrumbList\",\"@id\":\"https:\\\/\\\/www.mitsm.de\\\/mitsm-goes-schweiz\\\/#breadcrumb\",\"itemListElement\":[{\"@type\":\"ListItem\",\"position\":1,\"name\":\"Home\",\"item\":\"https:\\\/\\\/www.mitsm.de\\\/\"},{\"@type\":\"ListItem\",\"position\":2,\"name\":\"mITSM goes Schweiz \u2013 Weiterbildung kennt keine Grenzen\"}]},{\"@type\":\"WebSite\",\"@id\":\"https:\\\/\\\/www.mitsm.de\\\/#website\",\"url\":\"https:\\\/\\\/www.mitsm.de\\\/\",\"name\":\"mITSM\",\"description\":\"Schulung und Beratung\",\"publisher\":{\"@id\":\"https:\\\/\\\/www.mitsm.de\\\/#organization\"},\"potentialAction\":[{\"@type\":\"SearchAction\",\"target\":{\"@type\":\"EntryPoint\",\"urlTemplate\":\"https:\\\/\\\/www.mitsm.de\\\/?s={search_term_string}\"},\"query-input\":{\"@type\":\"PropertyValueSpecification\",\"valueRequired\":true,\"valueName\":\"search_term_string\"}}],\"inLanguage\":\"de\"},{\"@type\":\"Organization\",\"@id\":\"https:\\\/\\\/www.mitsm.de\\\/#organization\",\"name\":\"mITSM GmbH\",\"url\":\"https:\\\/\\\/www.mitsm.de\\\/\",\"logo\":{\"@type\":\"ImageObject\",\"inLanguage\":\"de\",\"@id\":\"https:\\\/\\\/www.mitsm.de\\\/#\\\/schema\\\/logo\\\/image\\\/\",\"url\":\"https:\\\/\\\/www.mitsm.de\\\/wp-content\\\/uploads\\\/2022\\\/02\\\/m-Logo-mITSM-Claim.png\",\"contentUrl\":\"https:\\\/\\\/www.mitsm.de\\\/wp-content\\\/uploads\\\/2022\\\/02\\\/m-Logo-mITSM-Claim.png\",\"width\":883,\"height\":225,\"caption\":\"mITSM GmbH\"},\"image\":{\"@id\":\"https:\\\/\\\/www.mitsm.de\\\/#\\\/schema\\\/logo\\\/image\\\/\"},\"sameAs\":[\"https:\\\/\\\/www.facebook.com\\\/mITSM.ITSM\\\/\",\"https:\\\/\\\/x.com\\\/mITSM_GmbH\",\"https:\\\/\\\/www.linkedin.com\\\/company\\\/mitsm-gmbh\\\/\",\"https:\\\/\\\/www.youtube.com\\\/channel\\\/UCbcMiyXGY1oRGDVw4B5ETfQ\"]},{\"@type\":\"Person\",\"@id\":\"https:\\\/\\\/www.mitsm.de\\\/#\\\/schema\\\/person\\\/2bd7646eca2c88ccdc5d736600b450e6\",\"name\":\"Amelie Baldauf\",\"image\":{\"@type\":\"ImageObject\",\"inLanguage\":\"de\",\"@id\":\"https:\\\/\\\/secure.gravatar.com\\\/avatar\\\/1864208896eb8e1649a47a1e3c7fe39e0af539124dabd555954364db573939f2?s=96&d=mm&r=g\",\"url\":\"https:\\\/\\\/secure.gravatar.com\\\/avatar\\\/1864208896eb8e1649a47a1e3c7fe39e0af539124dabd555954364db573939f2?s=96&d=mm&r=g\",\"contentUrl\":\"https:\\\/\\\/secure.gravatar.com\\\/avatar\\\/1864208896eb8e1649a47a1e3c7fe39e0af539124dabd555954364db573939f2?s=96&d=mm&r=g\",\"caption\":\"Amelie Baldauf\"},\"url\":\"https:\\\/\\\/www.mitsm.de\\\/author\\\/ameliebaldauf\\\/\"}]}<\/script>\n<!-- \/ Yoast SEO Premium plugin. -->","yoast_head_json":{"title":"mITSM goes Schweiz \u2013 Weiterbildung kennt keine Grenzen - mITSM","description":"Schulungen inkl. Zertifizierungen f\u00fcr die Schweiz: ITIL, ISO 27001 & KI-Trainings - praxisnah und mit pers\u00f6nlicher Betreuung.","robots":{"index":"index","follow":"follow","max-snippet":"max-snippet:-1","max-image-preview":"max-image-preview:large","max-video-preview":"max-video-preview:-1"},"canonical":"https:\/\/www.mitsm.de\/mitsm-goes-schweiz\/","og_locale":"de_DE","og_type":"article","og_title":"mITSM goes Schweiz \u2013 Weiterbildung kennt keine Grenzen","og_description":"Schulungen inkl. Zertifizierungen f\u00fcr die Schweiz: ITIL, ISO 27001 & KI-Trainings - praxisnah und mit pers\u00f6nlicher Betreuung.","og_url":"https:\/\/www.mitsm.de\/mitsm-goes-schweiz\/","og_site_name":"mITSM","article_publisher":"https:\/\/www.facebook.com\/mITSM.ITSM\/","article_published_time":"2025-06-26T07:23:10+00:00","article_modified_time":"2025-06-26T07:32:23+00:00","og_image":[{"width":1280,"height":720,"url":"https:\/\/www.mitsm.de\/wp-content\/uploads\/2025\/06\/mITSM-goes-Schweiz-1.png","type":"image\/png"}],"author":"Amelie Baldauf","twitter_card":"summary_large_image","twitter_creator":"@mITSM_GmbH","twitter_site":"@mITSM_GmbH","twitter_misc":{"Verfasst von":"Amelie Baldauf","Gesch\u00e4tzte Lesezeit":"3\u00a0Minuten"},"schema":{"@context":"https:\/\/schema.org","@graph":[{"@type":"Article","@id":"https:\/\/www.mitsm.de\/mitsm-goes-schweiz\/#article","isPartOf":{"@id":"https:\/\/www.mitsm.de\/mitsm-goes-schweiz\/"},"author":{"name":"Amelie Baldauf","@id":"https:\/\/www.mitsm.de\/#\/schema\/person\/2bd7646eca2c88ccdc5d736600b450e6"},"headline":"mITSM goes Schweiz \u2013 Weiterbildung kennt keine Grenzen","datePublished":"2025-06-26T07:23:10+00:00","dateModified":"2025-06-26T07:32:23+00:00","mainEntityOfPage":{"@id":"https:\/\/www.mitsm.de\/mitsm-goes-schweiz\/"},"wordCount":378,"publisher":{"@id":"https:\/\/www.mitsm.de\/#organization"},"image":{"@id":"https:\/\/www.mitsm.de\/mitsm-goes-schweiz\/#primaryimage"},"thumbnailUrl":"https:\/\/www.mitsm.de\/wp-content\/uploads\/2025\/06\/mITSM-goes-Schweiz-1.png","articleSection":["Nicht kategorisiert"],"inLanguage":"de"},{"@type":"WebPage","@id":"https:\/\/www.mitsm.de\/mitsm-goes-schweiz\/","url":"https:\/\/www.mitsm.de\/mitsm-goes-schweiz\/","name":"mITSM goes Schweiz \u2013 Weiterbildung kennt keine Grenzen - mITSM","isPartOf":{"@id":"https:\/\/www.mitsm.de\/#website"},"primaryImageOfPage":{"@id":"https:\/\/www.mitsm.de\/mitsm-goes-schweiz\/#primaryimage"},"image":{"@id":"https:\/\/www.mitsm.de\/mitsm-goes-schweiz\/#primaryimage"},"thumbnailUrl":"https:\/\/www.mitsm.de\/wp-content\/uploads\/2025\/06\/mITSM-goes-Schweiz-1.png","datePublished":"2025-06-26T07:23:10+00:00","dateModified":"2025-06-26T07:32:23+00:00","description":"Schulungen inkl. Zertifizierungen f\u00fcr die Schweiz: ITIL, ISO 27001 & KI-Trainings - praxisnah und mit pers\u00f6nlicher Betreuung.","breadcrumb":{"@id":"https:\/\/www.mitsm.de\/mitsm-goes-schweiz\/#breadcrumb"},"inLanguage":"de","potentialAction":[{"@type":"ReadAction","target":["https:\/\/www.mitsm.de\/mitsm-goes-schweiz\/"]}]},{"@type":"ImageObject","inLanguage":"de","@id":"https:\/\/www.mitsm.de\/mitsm-goes-schweiz\/#primaryimage","url":"https:\/\/www.mitsm.de\/wp-content\/uploads\/2025\/06\/mITSM-goes-Schweiz-1.png","contentUrl":"https:\/\/www.mitsm.de\/wp-content\/uploads\/2025\/06\/mITSM-goes-Schweiz-1.png","width":1280,"height":720},{"@type":"BreadcrumbList","@id":"https:\/\/www.mitsm.de\/mitsm-goes-schweiz\/#breadcrumb","itemListElement":[{"@type":"ListItem","position":1,"name":"Home","item":"https:\/\/www.mitsm.de\/"},{"@type":"ListItem","position":2,"name":"mITSM goes Schweiz \u2013 Weiterbildung kennt keine Grenzen"}]},{"@type":"WebSite","@id":"https:\/\/www.mitsm.de\/#website","url":"https:\/\/www.mitsm.de\/","name":"mITSM","description":"Schulung und Beratung","publisher":{"@id":"https:\/\/www.mitsm.de\/#organization"},"potentialAction":[{"@type":"SearchAction","target":{"@type":"EntryPoint","urlTemplate":"https:\/\/www.mitsm.de\/?s={search_term_string}"},"query-input":{"@type":"PropertyValueSpecification","valueRequired":true,"valueName":"search_term_string"}}],"inLanguage":"de"},{"@type":"Organization","@id":"https:\/\/www.mitsm.de\/#organization","name":"mITSM GmbH","url":"https:\/\/www.mitsm.de\/","logo":{"@type":"ImageObject","inLanguage":"de","@id":"https:\/\/www.mitsm.de\/#\/schema\/logo\/image\/","url":"https:\/\/www.mitsm.de\/wp-content\/uploads\/2022\/02\/m-Logo-mITSM-Claim.png","contentUrl":"https:\/\/www.mitsm.de\/wp-content\/uploads\/2022\/02\/m-Logo-mITSM-Claim.png","width":883,"height":225,"caption":"mITSM GmbH"},"image":{"@id":"https:\/\/www.mitsm.de\/#\/schema\/logo\/image\/"},"sameAs":["https:\/\/www.facebook.com\/mITSM.ITSM\/","https:\/\/x.com\/mITSM_GmbH","https:\/\/www.linkedin.com\/company\/mitsm-gmbh\/","https:\/\/www.youtube.com\/channel\/UCbcMiyXGY1oRGDVw4B5ETfQ"]},{"@type":"Person","@id":"https:\/\/www.mitsm.de\/#\/schema\/person\/2bd7646eca2c88ccdc5d736600b450e6","name":"Amelie Baldauf","image":{"@type":"ImageObject","inLanguage":"de","@id":"https:\/\/secure.gravatar.com\/avatar\/1864208896eb8e1649a47a1e3c7fe39e0af539124dabd555954364db573939f2?s=96&d=mm&r=g","url":"https:\/\/secure.gravatar.com\/avatar\/1864208896eb8e1649a47a1e3c7fe39e0af539124dabd555954364db573939f2?s=96&d=mm&r=g","contentUrl":"https:\/\/secure.gravatar.com\/avatar\/1864208896eb8e1649a47a1e3c7fe39e0af539124dabd555954364db573939f2?s=96&d=mm&r=g","caption":"Amelie Baldauf"},"url":"https:\/\/www.mitsm.de\/author\/ameliebaldauf\/"}]}},"acf":[],"_links":{"self":[{"href":"https:\/\/www.mitsm.de\/api\/wp\/v2\/posts\/65322","targetHints":{"allow":["GET"]}}],"collection":[{"href":"https:\/\/www.mitsm.de\/api\/wp\/v2\/posts"}],"about":[{"href":"https:\/\/www.mitsm.de\/api\/wp\/v2\/types\/post"}],"author":[{"embeddable":true,"href":"https:\/\/www.mitsm.de\/api\/wp\/v2\/users\/23"}],"replies":[{"embeddable":true,"href":"https:\/\/www.mitsm.de\/api\/wp\/v2\/comments?post=65322"}],"version-history":[{"count":0,"href":"https:\/\/www.mitsm.de\/api\/wp\/v2\/posts\/65322\/revisions"}],"wp:featuredmedia":[{"embeddable":true,"href":"https:\/\/www.mitsm.de\/api\/wp\/v2\/media\/65846"}],"wp:attachment":[{"href":"https:\/\/www.mitsm.de\/api\/wp\/v2\/media?parent=65322"}],"wp:term":[{"taxonomy":"category","embeddable":true,"href":"https:\/\/www.mitsm.de\/api\/wp\/v2\/categories?post=65322"},{"taxonomy":"post_tag","embeddable":true,"href":"https:\/\/www.mitsm.de\/api\/wp\/v2\/tags?post=65322"}],"curies":[{"name":"wp","href":"https:\/\/api.w.org\/{rel}","templated":true}]}}