{"id":67273,"date":"2024-08-13T09:50:30","date_gmt":"2024-08-13T07:50:30","guid":{"rendered":"https:\/\/www.mitsm.de\/chatkontrolle-in-der-eu-das-ende-jeglicher-privatsphaere\/"},"modified":"2025-07-03T14:17:41","modified_gmt":"2025-07-03T12:17:41","slug":"chatkontrolle-in-der-eu-das-ende-jeglicher-privatsphaere","status":"publish","type":"post","link":"https:\/\/www.mitsm.de\/at\/chatkontrolle-in-der-eu-das-ende-jeglicher-privatsphaere\/","title":{"rendered":"Chatkontrolle in der EU: Das Ende jeglicher Privatsph\u00e4re?"},"content":{"rendered":"<div class=\"wp-block-image\">\n<figure class=\"aligncenter size-full\"><img decoding=\"async\" width=\"800\" height=\"365\" src=\"https:\/\/www.mitsm.de\/wp-content\/uploads\/2024\/07\/Chatkontrolle-in-der-EU-mITSM.jpg\" alt=\"\" class=\"wp-image-46437\" srcset=\"https:\/\/www.mitsm.de\/wp-content\/uploads\/2024\/07\/Chatkontrolle-in-der-EU-mITSM.jpg 800w, https:\/\/www.mitsm.de\/wp-content\/uploads\/2024\/07\/Chatkontrolle-in-der-EU-mITSM-300x137.jpg 300w, https:\/\/www.mitsm.de\/wp-content\/uploads\/2024\/07\/Chatkontrolle-in-der-EU-mITSM-768x350.jpg 768w, https:\/\/www.mitsm.de\/wp-content\/uploads\/2024\/07\/Chatkontrolle-in-der-EU-mITSM-100x46.jpg 100w, https:\/\/www.mitsm.de\/wp-content\/uploads\/2024\/07\/Chatkontrolle-in-der-EU-mITSM-242x110.jpg 242w, https:\/\/www.mitsm.de\/wp-content\/uploads\/2024\/07\/Chatkontrolle-in-der-EU-mITSM-400x183.jpg 400w, https:\/\/www.mitsm.de\/wp-content\/uploads\/2024\/07\/Chatkontrolle-in-der-EU-mITSM-710x324.jpg 710w\" sizes=\"(max-width: 800px) 100vw, 800px\" \/><\/figure>\n<\/div>\n\n\n<p class=\"has-text-align-right\"><em>von Niklas Greimann<\/em><\/p>\n\n\n\n<p>Die EU-Kommission hat mit ihrem Vorschlag zur Einf\u00fchrung der sogenannten Chatkontrolle eine hitzige Debatte ausgel\u00f6st. Die Chatkontrolle zielt darauf ab, die Kommunikation in digitalen Diensten zu \u00fcberwachen, insbesondere um den Missbrauch von Kindern zu bek\u00e4mpfen. Dieser Vorschlag hat jedoch zahlreiche Kritiker:innen auf den Plan gerufen, die vor einer massiven Einschr\u00e4nkung der Privatsph\u00e4re und Grundrechte warnen. Dem m\u00f6chten wir in diesem Beitrag gerne auf den Grund gehen.<\/p>\n\n\n\n<h2 class=\"wp-block-heading\" id=\"h-also-worum-geht-es-denn-jetzt-eigentlich-ganz-genau\">Also \u2013 worum geht es denn jetzt eigentlich ganz genau?<\/h2>\n\n\n\n<p>Wohl jede:r Leser:in dieses Beitrags wird entweder Signal, WhatsApp, Threema, Telegram oder eine andere Instant-Messaging-App f\u00fcrs Kommunizieren mit dem Smartphone nutzen. Und insbesondere Signal oder Threema legen besonderen Wert darauf, dass die Kommunikation sicher und verschl\u00fcsselt ist.<\/p>\n\n\n\n<p>Kurzum: wir alle verlassen uns darauf, dass das, was wir verschicken, sicher ist, seien es Fotos,  Textnachrichten oder Videos.<\/p>\n\n\n\n<p>Diese Sicherheit stand vor kurzem v\u00f6llig vor dem Aus. Nur durch massiven Widerstand wurde die Abstimmung \u00fcber eine Chatkontrolle von den Tagesordnungspunkten entfernt. Aber was w\u00e4re denn genau passiert, wenn die Chatkontrolle eine Mehrheit gefunden h\u00e4tte?<\/p>\n\n\n\n<h2 class=\"wp-block-heading\" id=\"h-gar-nichts-mehr-ist-privat-sollte-die-chatkontrolle-beschlossen-werden\">Gar nichts mehr ist privat, sollte die Chatkontrolle beschlossen werden<\/h2>\n\n\n\n<p>Die Verschl\u00fcsselung w\u00e4re weiterhin intakt, aber die Inhalte nicht privat. Wie das sein kann? Die EU hat sich daf\u00fcr den Begriff \u201eUpload-Moderation\u201c ausgedacht. Kurzum: wer Fotos verschicken m\u00f6chte, der <strong>muss <\/strong>sich einverstanden erkl\u00e4ren, dass jedes einzelne Foto vorher untersucht und gescannt wird. Wer sich zu dieser \u00dcberpr\u00fcfung nicht bereit erkl\u00e4rt, wird einfach keine Fotos mehr \u00fcber einen Messenger verschicken k\u00f6nnen. So viel zum Thema \u201eFreiwilligkeit\u201c der Einwilligung, wie es als Grundsatz in der DSGVO vorgesehen ist.<\/p>\n\n\n\n<p>Die Aussage der EU ist zwar korrekt, da die Verschl\u00fcsselung nicht aufgehoben wird. Aber was bringt es mir einen sicheren Transport zu haben, wenn die Nachricht vorher bereits gelesen wurde?<\/p>\n\n\n\n<p>Urspr\u00fcnglich ging der Vorschlag zur Kontrolle sogar noch weiter: es sollten neben den Fotos auch alle Text- und Sprachnachrichten \u00fcberpr\u00fcft werden. Mit anderen Worten: nichts, wirklich gar nichts mehr, das Du \u00fcber deine bevorzugte Messenger-App verschicken wolltest, w\u00e4re irgendwie anonym gewesen.<\/p>\n\n\n\n<p>Das Ziel dahinter: die Verbreitung von Kinderpornographie verhindern oder zumindest erschweren. Zweifelsohne ein ehrbares Ziel. Aber das daf\u00fcr dann wirklich 500 Millionen Europ\u00e4er:innen ihre private Kommunikation aufgeben m\u00fcssen, erscheint unverh\u00e4ltnism\u00e4\u00dfig. Zu dieser Einsch\u00e4tzung kommen auch zahlreiche weltweit f\u00fchrende IT-Sicherheitsforscher:innen, zahlreiche Wissenschaftler:innen und die Menschenrechtskommission der Vereinten Nationen.<\/p>\n\n\n\n<h2 class=\"wp-block-heading\" id=\"h-fazit\">Fazit<\/h2>\n\n\n\n<p>Durch einen \u00fcbergriffigen Staat droht uns nicht nur das Ende der Privatsph\u00e4re, sondern wir m\u00fcssen uns auch die Frage nach der internationalen Signalwirkung stellen: wenn wir, die sich als freiheitliebend und liberal verstehen, eine \u00dcberwachung einf\u00fchren, die jegliche private Kommunikation zwischen B\u00fcrger:innen \u00fcberwacht \u2013 was glaubst Du, passiert dann in L\u00e4ndern wie China oder den USA? Mit L\u00e4ndern, wo politisch Andersdenkende sowieso schon unter Beobachtung stehen, die sich aber noch auf die Sicherheit der Kommunikation verlassen?<\/p>\n\n\n\n<p>Der Kampf gegen die Chatkontrolle ist definitiv noch nicht gewonnen, aber zumindest wurde ein kleiner Etappensieg errungen.<\/p>\n\n\n\n<hr class=\"wp-block-separator has-alpha-channel-opacity\"\/>\n\n\n\n<div class=\"wp-block-columns is-layout-flex wp-container-core-columns-is-layout-9d6595d7 wp-block-columns-is-layout-flex\">\n<div class=\"wp-block-column is-layout-flow wp-block-column-is-layout-flow\" style=\"flex-basis:33.33%\">\n<figure class=\"wp-block-image size-full\"><img decoding=\"async\" width=\"916\" height=\"935\" src=\"https:\/\/www.mitsm.de\/wp-content\/uploads\/2024\/02\/Autor-Niklas-Greimann.jpg\" alt=\"\" class=\"wp-image-41183\" srcset=\"https:\/\/www.mitsm.de\/wp-content\/uploads\/2024\/02\/Autor-Niklas-Greimann.jpg 916w, https:\/\/www.mitsm.de\/wp-content\/uploads\/2024\/02\/Autor-Niklas-Greimann-294x300.jpg 294w, https:\/\/www.mitsm.de\/wp-content\/uploads\/2024\/02\/Autor-Niklas-Greimann-768x784.jpg 768w, https:\/\/www.mitsm.de\/wp-content\/uploads\/2024\/02\/Autor-Niklas-Greimann-62x62.jpg 62w, https:\/\/www.mitsm.de\/wp-content\/uploads\/2024\/02\/Autor-Niklas-Greimann-100x102.jpg 100w, https:\/\/www.mitsm.de\/wp-content\/uploads\/2024\/02\/Autor-Niklas-Greimann-242x247.jpg 242w, https:\/\/www.mitsm.de\/wp-content\/uploads\/2024\/02\/Autor-Niklas-Greimann-400x408.jpg 400w, https:\/\/www.mitsm.de\/wp-content\/uploads\/2024\/02\/Autor-Niklas-Greimann-710x725.jpg 710w\" sizes=\"(max-width: 916px) 100vw, 916px\" \/><\/figure>\n<\/div>\n\n\n\n<div class=\"wp-block-column is-layout-flow wp-block-column-is-layout-flow\" style=\"flex-basis:66.66%\">\n<h3 class=\"wp-block-heading\" id=\"h-uber-den-autor-niklas-greimann\">\u00dcber den Autor: Niklas Greimann<\/h3>\n\n\n\n<p>Niklas ist Trainer und Produktmanager f\u00fcr den Bereich Datenschutz. Als ausgebildeter Jurist mit dem Schwerpunkt Datenschutz steht er unseren Teilnehmern jederzeit Rede und Antwort. Dank seiner langj\u00e4hrigen Erfahrung in verschiedenen KMUs kann er in seinen Trainings einen hohen Praxisbezug herstellen. Niklas legt Wert auf den Austausch zwischen den Teilnehmern und darauf, seine Schulungen abwechslungsreich und kurzweilig zu gestalten.<\/p>\n<\/div>\n<\/div>\n","protected":false},"excerpt":{"rendered":"<p>von Niklas Greimann Die EU-Kommission hat mit ihrem Vorschlag zur Einf\u00fchrung der sogenannten Chatkontrolle eine hitzige Debatte ausgel\u00f6st. Die Chatkontrolle zielt darauf ab, die Kommunikation in digitalen Diensten zu \u00fcberwachen, insbesondere um den Missbrauch von Kindern zu bek\u00e4mpfen. Dieser Vorschlag \u2026&nbsp;<a class=\"moretag\" href=\"https:\/\/www.mitsm.de\/at\/chatkontrolle-in-der-eu-das-ende-jeglicher-privatsphaere\/\">weiterlesen<\/a><\/p>\n","protected":false},"author":11,"featured_media":67274,"comment_status":"closed","ping_status":"closed","sticky":false,"template":"","format":"standard","meta":{"_improvement_type_select":"improve_an_existing","_thumb_yes_seoaic":false,"_frame_yes_seoaic":false,"seoaic_generate_description":"","seoaic_improve_instructions_prompt":"","seoaic_rollback_content_improvement":"","seoaic_idea_thumbnail_generator":"","thumbnail_generated":false,"thumbnail_generate_prompt":"","seoaic_article_description":"","seoaic_article_subtitles":[],"footnotes":""},"categories":[1],"tags":[],"class_list":["post-67273","post","type-post","status-publish","format-standard","has-post-thumbnail","hentry","category-nicht-kategorisiert"],"yoast_head":"<!-- This site is optimized with the Yoast SEO Premium plugin v27.4 (Yoast SEO v27.4) - https:\/\/yoast.com\/product\/yoast-seo-premium-wordpress\/ -->\n<title>Chatkontrolle in der EU: Das Ende jeglicher Privatsph\u00e4re? - mITSM<\/title>\n<meta name=\"robots\" content=\"index, follow, max-snippet:-1, max-image-preview:large, max-video-preview:-1\" \/>\n<link rel=\"canonical\" href=\"https:\/\/www.mitsm.de\/at\/chatkontrolle-in-der-eu-das-ende-jeglicher-privatsphaere\/\" \/>\n<meta property=\"og:locale\" content=\"de_DE\" \/>\n<meta property=\"og:type\" content=\"article\" \/>\n<meta property=\"og:title\" content=\"Chatkontrolle in der EU: Das Ende jeglicher Privatsph\u00e4re?\" \/>\n<meta property=\"og:description\" content=\"von Niklas Greimann Die EU-Kommission hat mit ihrem Vorschlag zur Einf\u00fchrung der sogenannten Chatkontrolle eine hitzige Debatte ausgel\u00f6st. Die Chatkontrolle zielt darauf ab, die Kommunikation in digitalen Diensten zu \u00fcberwachen, insbesondere um den Missbrauch von Kindern zu bek\u00e4mpfen. Dieser Vorschlag \u2026&nbsp;weiterlesen\" \/>\n<meta property=\"og:url\" content=\"https:\/\/www.mitsm.de\/at\/chatkontrolle-in-der-eu-das-ende-jeglicher-privatsphaere\/\" \/>\n<meta property=\"og:site_name\" content=\"mITSM\" \/>\n<meta property=\"article:publisher\" content=\"https:\/\/www.facebook.com\/mITSM.ITSM\/\" \/>\n<meta property=\"article:published_time\" content=\"2024-08-13T07:50:30+00:00\" \/>\n<meta property=\"article:modified_time\" content=\"2025-07-03T12:17:41+00:00\" \/>\n<meta property=\"og:image\" content=\"https:\/\/www.mitsm.de\/wp-content\/uploads\/2024\/07\/Chatkontrolle-in-der-EU-mITSM.jpg\" \/>\n\t<meta property=\"og:image:width\" content=\"800\" \/>\n\t<meta property=\"og:image:height\" content=\"365\" \/>\n\t<meta property=\"og:image:type\" content=\"image\/jpeg\" \/>\n<meta name=\"author\" content=\"Caterina Wolf\" \/>\n<meta name=\"twitter:card\" content=\"summary_large_image\" \/>\n<meta name=\"twitter:creator\" content=\"@mITSM_GmbH\" \/>\n<meta name=\"twitter:site\" content=\"@mITSM_GmbH\" \/>\n<meta name=\"twitter:label1\" content=\"Verfasst von\" \/>\n\t<meta name=\"twitter:data1\" content=\"Caterina Wolf\" \/>\n\t<meta name=\"twitter:label2\" content=\"Gesch\u00e4tzte Lesezeit\" \/>\n\t<meta name=\"twitter:data2\" content=\"1 Minute\" \/>\n<script type=\"application\/ld+json\" class=\"yoast-schema-graph\">{\"@context\":\"https:\\\/\\\/schema.org\",\"@graph\":[{\"@type\":\"Article\",\"@id\":\"https:\\\/\\\/www.mitsm.de\\\/at\\\/chatkontrolle-in-der-eu-das-ende-jeglicher-privatsphaere\\\/#article\",\"isPartOf\":{\"@id\":\"https:\\\/\\\/www.mitsm.de\\\/at\\\/chatkontrolle-in-der-eu-das-ende-jeglicher-privatsphaere\\\/\"},\"author\":{\"name\":\"Caterina Wolf\",\"@id\":\"https:\\\/\\\/www.mitsm.de\\\/at\\\/#\\\/schema\\\/person\\\/498ec637c1456adb39a60f6949974008\"},\"headline\":\"Chatkontrolle in der EU: Das Ende jeglicher Privatsph\u00e4re?\",\"datePublished\":\"2024-08-13T07:50:30+00:00\",\"dateModified\":\"2025-07-03T12:17:41+00:00\",\"mainEntityOfPage\":{\"@id\":\"https:\\\/\\\/www.mitsm.de\\\/at\\\/chatkontrolle-in-der-eu-das-ende-jeglicher-privatsphaere\\\/\"},\"wordCount\":583,\"publisher\":{\"@id\":\"https:\\\/\\\/www.mitsm.de\\\/at\\\/#organization\"},\"image\":{\"@id\":\"https:\\\/\\\/www.mitsm.de\\\/at\\\/chatkontrolle-in-der-eu-das-ende-jeglicher-privatsphaere\\\/#primaryimage\"},\"thumbnailUrl\":\"https:\\\/\\\/www.mitsm.de\\\/wp-content\\\/uploads\\\/2024\\\/07\\\/Chatkontrolle-in-der-EU-mITSM.jpg\",\"articleSection\":[\"Nicht kategorisiert\"],\"inLanguage\":\"de-AT\"},{\"@type\":\"WebPage\",\"@id\":\"https:\\\/\\\/www.mitsm.de\\\/at\\\/chatkontrolle-in-der-eu-das-ende-jeglicher-privatsphaere\\\/\",\"url\":\"https:\\\/\\\/www.mitsm.de\\\/at\\\/chatkontrolle-in-der-eu-das-ende-jeglicher-privatsphaere\\\/\",\"name\":\"Chatkontrolle in der EU: Das Ende jeglicher Privatsph\u00e4re? - mITSM\",\"isPartOf\":{\"@id\":\"https:\\\/\\\/www.mitsm.de\\\/at\\\/#website\"},\"primaryImageOfPage\":{\"@id\":\"https:\\\/\\\/www.mitsm.de\\\/at\\\/chatkontrolle-in-der-eu-das-ende-jeglicher-privatsphaere\\\/#primaryimage\"},\"image\":{\"@id\":\"https:\\\/\\\/www.mitsm.de\\\/at\\\/chatkontrolle-in-der-eu-das-ende-jeglicher-privatsphaere\\\/#primaryimage\"},\"thumbnailUrl\":\"https:\\\/\\\/www.mitsm.de\\\/wp-content\\\/uploads\\\/2024\\\/07\\\/Chatkontrolle-in-der-EU-mITSM.jpg\",\"datePublished\":\"2024-08-13T07:50:30+00:00\",\"dateModified\":\"2025-07-03T12:17:41+00:00\",\"breadcrumb\":{\"@id\":\"https:\\\/\\\/www.mitsm.de\\\/at\\\/chatkontrolle-in-der-eu-das-ende-jeglicher-privatsphaere\\\/#breadcrumb\"},\"inLanguage\":\"de-AT\",\"potentialAction\":[{\"@type\":\"ReadAction\",\"target\":[\"https:\\\/\\\/www.mitsm.de\\\/at\\\/chatkontrolle-in-der-eu-das-ende-jeglicher-privatsphaere\\\/\"]}]},{\"@type\":\"ImageObject\",\"inLanguage\":\"de-AT\",\"@id\":\"https:\\\/\\\/www.mitsm.de\\\/at\\\/chatkontrolle-in-der-eu-das-ende-jeglicher-privatsphaere\\\/#primaryimage\",\"url\":\"https:\\\/\\\/www.mitsm.de\\\/wp-content\\\/uploads\\\/2024\\\/07\\\/Chatkontrolle-in-der-EU-mITSM.jpg\",\"contentUrl\":\"https:\\\/\\\/www.mitsm.de\\\/wp-content\\\/uploads\\\/2024\\\/07\\\/Chatkontrolle-in-der-EU-mITSM.jpg\",\"width\":800,\"height\":365},{\"@type\":\"BreadcrumbList\",\"@id\":\"https:\\\/\\\/www.mitsm.de\\\/at\\\/chatkontrolle-in-der-eu-das-ende-jeglicher-privatsphaere\\\/#breadcrumb\",\"itemListElement\":[{\"@type\":\"ListItem\",\"position\":1,\"name\":\"Home\",\"item\":\"https:\\\/\\\/www.mitsm.de\\\/at\\\/\"},{\"@type\":\"ListItem\",\"position\":2,\"name\":\"Chatkontrolle in der EU: Das Ende jeglicher Privatsph\u00e4re?\"}]},{\"@type\":\"WebSite\",\"@id\":\"https:\\\/\\\/www.mitsm.de\\\/at\\\/#website\",\"url\":\"https:\\\/\\\/www.mitsm.de\\\/at\\\/\",\"name\":\"mITSM\",\"description\":\"Schulung und Beratung\",\"publisher\":{\"@id\":\"https:\\\/\\\/www.mitsm.de\\\/at\\\/#organization\"},\"potentialAction\":[{\"@type\":\"SearchAction\",\"target\":{\"@type\":\"EntryPoint\",\"urlTemplate\":\"https:\\\/\\\/www.mitsm.de\\\/at\\\/?s={search_term_string}\"},\"query-input\":{\"@type\":\"PropertyValueSpecification\",\"valueRequired\":true,\"valueName\":\"search_term_string\"}}],\"inLanguage\":\"de-AT\"},{\"@type\":\"Organization\",\"@id\":\"https:\\\/\\\/www.mitsm.de\\\/at\\\/#organization\",\"name\":\"mITSM GmbH\",\"url\":\"https:\\\/\\\/www.mitsm.de\\\/at\\\/\",\"logo\":{\"@type\":\"ImageObject\",\"inLanguage\":\"de-AT\",\"@id\":\"https:\\\/\\\/www.mitsm.de\\\/at\\\/#\\\/schema\\\/logo\\\/image\\\/\",\"url\":\"https:\\\/\\\/www.mitsm.de\\\/wp-content\\\/uploads\\\/2022\\\/02\\\/m-Logo-mITSM-Claim.png\",\"contentUrl\":\"https:\\\/\\\/www.mitsm.de\\\/wp-content\\\/uploads\\\/2022\\\/02\\\/m-Logo-mITSM-Claim.png\",\"width\":883,\"height\":225,\"caption\":\"mITSM GmbH\"},\"image\":{\"@id\":\"https:\\\/\\\/www.mitsm.de\\\/at\\\/#\\\/schema\\\/logo\\\/image\\\/\"},\"sameAs\":[\"https:\\\/\\\/www.facebook.com\\\/mITSM.ITSM\\\/\",\"https:\\\/\\\/x.com\\\/mITSM_GmbH\",\"https:\\\/\\\/www.linkedin.com\\\/company\\\/mitsm-gmbh\\\/\",\"https:\\\/\\\/www.youtube.com\\\/channel\\\/UCbcMiyXGY1oRGDVw4B5ETfQ\"]},{\"@type\":\"Person\",\"@id\":\"https:\\\/\\\/www.mitsm.de\\\/at\\\/#\\\/schema\\\/person\\\/498ec637c1456adb39a60f6949974008\",\"name\":\"Caterina Wolf\",\"image\":{\"@type\":\"ImageObject\",\"inLanguage\":\"de-AT\",\"@id\":\"https:\\\/\\\/secure.gravatar.com\\\/avatar\\\/6d2e20ddf507650e01325ac4af0f6c58de526d6c009d2f0f51b34aef3e3c2d3d?s=96&d=mm&r=g\",\"url\":\"https:\\\/\\\/secure.gravatar.com\\\/avatar\\\/6d2e20ddf507650e01325ac4af0f6c58de526d6c009d2f0f51b34aef3e3c2d3d?s=96&d=mm&r=g\",\"contentUrl\":\"https:\\\/\\\/secure.gravatar.com\\\/avatar\\\/6d2e20ddf507650e01325ac4af0f6c58de526d6c009d2f0f51b34aef3e3c2d3d?s=96&d=mm&r=g\",\"caption\":\"Caterina Wolf\"},\"url\":\"https:\\\/\\\/www.mitsm.de\\\/at\\\/author\\\/caterinahasler\\\/\"}]}<\/script>\n<!-- \/ Yoast SEO Premium plugin. -->","yoast_head_json":{"title":"Chatkontrolle in der EU: Das Ende jeglicher Privatsph\u00e4re? - mITSM","robots":{"index":"index","follow":"follow","max-snippet":"max-snippet:-1","max-image-preview":"max-image-preview:large","max-video-preview":"max-video-preview:-1"},"canonical":"https:\/\/www.mitsm.de\/at\/chatkontrolle-in-der-eu-das-ende-jeglicher-privatsphaere\/","og_locale":"de_DE","og_type":"article","og_title":"Chatkontrolle in der EU: Das Ende jeglicher Privatsph\u00e4re?","og_description":"von Niklas Greimann Die EU-Kommission hat mit ihrem Vorschlag zur Einf\u00fchrung der sogenannten Chatkontrolle eine hitzige Debatte ausgel\u00f6st. Die Chatkontrolle zielt darauf ab, die Kommunikation in digitalen Diensten zu \u00fcberwachen, insbesondere um den Missbrauch von Kindern zu bek\u00e4mpfen. Dieser Vorschlag \u2026&nbsp;weiterlesen","og_url":"https:\/\/www.mitsm.de\/at\/chatkontrolle-in-der-eu-das-ende-jeglicher-privatsphaere\/","og_site_name":"mITSM","article_publisher":"https:\/\/www.facebook.com\/mITSM.ITSM\/","article_published_time":"2024-08-13T07:50:30+00:00","article_modified_time":"2025-07-03T12:17:41+00:00","og_image":[{"width":800,"height":365,"url":"https:\/\/www.mitsm.de\/wp-content\/uploads\/2024\/07\/Chatkontrolle-in-der-EU-mITSM.jpg","type":"image\/jpeg"}],"author":"Caterina Wolf","twitter_card":"summary_large_image","twitter_creator":"@mITSM_GmbH","twitter_site":"@mITSM_GmbH","twitter_misc":{"Verfasst von":"Caterina Wolf","Gesch\u00e4tzte Lesezeit":"1 Minute"},"schema":{"@context":"https:\/\/schema.org","@graph":[{"@type":"Article","@id":"https:\/\/www.mitsm.de\/at\/chatkontrolle-in-der-eu-das-ende-jeglicher-privatsphaere\/#article","isPartOf":{"@id":"https:\/\/www.mitsm.de\/at\/chatkontrolle-in-der-eu-das-ende-jeglicher-privatsphaere\/"},"author":{"name":"Caterina Wolf","@id":"https:\/\/www.mitsm.de\/at\/#\/schema\/person\/498ec637c1456adb39a60f6949974008"},"headline":"Chatkontrolle in der EU: Das Ende jeglicher Privatsph\u00e4re?","datePublished":"2024-08-13T07:50:30+00:00","dateModified":"2025-07-03T12:17:41+00:00","mainEntityOfPage":{"@id":"https:\/\/www.mitsm.de\/at\/chatkontrolle-in-der-eu-das-ende-jeglicher-privatsphaere\/"},"wordCount":583,"publisher":{"@id":"https:\/\/www.mitsm.de\/at\/#organization"},"image":{"@id":"https:\/\/www.mitsm.de\/at\/chatkontrolle-in-der-eu-das-ende-jeglicher-privatsphaere\/#primaryimage"},"thumbnailUrl":"https:\/\/www.mitsm.de\/wp-content\/uploads\/2024\/07\/Chatkontrolle-in-der-EU-mITSM.jpg","articleSection":["Nicht kategorisiert"],"inLanguage":"de-AT"},{"@type":"WebPage","@id":"https:\/\/www.mitsm.de\/at\/chatkontrolle-in-der-eu-das-ende-jeglicher-privatsphaere\/","url":"https:\/\/www.mitsm.de\/at\/chatkontrolle-in-der-eu-das-ende-jeglicher-privatsphaere\/","name":"Chatkontrolle in der EU: Das Ende jeglicher Privatsph\u00e4re? - mITSM","isPartOf":{"@id":"https:\/\/www.mitsm.de\/at\/#website"},"primaryImageOfPage":{"@id":"https:\/\/www.mitsm.de\/at\/chatkontrolle-in-der-eu-das-ende-jeglicher-privatsphaere\/#primaryimage"},"image":{"@id":"https:\/\/www.mitsm.de\/at\/chatkontrolle-in-der-eu-das-ende-jeglicher-privatsphaere\/#primaryimage"},"thumbnailUrl":"https:\/\/www.mitsm.de\/wp-content\/uploads\/2024\/07\/Chatkontrolle-in-der-EU-mITSM.jpg","datePublished":"2024-08-13T07:50:30+00:00","dateModified":"2025-07-03T12:17:41+00:00","breadcrumb":{"@id":"https:\/\/www.mitsm.de\/at\/chatkontrolle-in-der-eu-das-ende-jeglicher-privatsphaere\/#breadcrumb"},"inLanguage":"de-AT","potentialAction":[{"@type":"ReadAction","target":["https:\/\/www.mitsm.de\/at\/chatkontrolle-in-der-eu-das-ende-jeglicher-privatsphaere\/"]}]},{"@type":"ImageObject","inLanguage":"de-AT","@id":"https:\/\/www.mitsm.de\/at\/chatkontrolle-in-der-eu-das-ende-jeglicher-privatsphaere\/#primaryimage","url":"https:\/\/www.mitsm.de\/wp-content\/uploads\/2024\/07\/Chatkontrolle-in-der-EU-mITSM.jpg","contentUrl":"https:\/\/www.mitsm.de\/wp-content\/uploads\/2024\/07\/Chatkontrolle-in-der-EU-mITSM.jpg","width":800,"height":365},{"@type":"BreadcrumbList","@id":"https:\/\/www.mitsm.de\/at\/chatkontrolle-in-der-eu-das-ende-jeglicher-privatsphaere\/#breadcrumb","itemListElement":[{"@type":"ListItem","position":1,"name":"Home","item":"https:\/\/www.mitsm.de\/at\/"},{"@type":"ListItem","position":2,"name":"Chatkontrolle in der EU: Das Ende jeglicher Privatsph\u00e4re?"}]},{"@type":"WebSite","@id":"https:\/\/www.mitsm.de\/at\/#website","url":"https:\/\/www.mitsm.de\/at\/","name":"mITSM","description":"Schulung und Beratung","publisher":{"@id":"https:\/\/www.mitsm.de\/at\/#organization"},"potentialAction":[{"@type":"SearchAction","target":{"@type":"EntryPoint","urlTemplate":"https:\/\/www.mitsm.de\/at\/?s={search_term_string}"},"query-input":{"@type":"PropertyValueSpecification","valueRequired":true,"valueName":"search_term_string"}}],"inLanguage":"de-AT"},{"@type":"Organization","@id":"https:\/\/www.mitsm.de\/at\/#organization","name":"mITSM GmbH","url":"https:\/\/www.mitsm.de\/at\/","logo":{"@type":"ImageObject","inLanguage":"de-AT","@id":"https:\/\/www.mitsm.de\/at\/#\/schema\/logo\/image\/","url":"https:\/\/www.mitsm.de\/wp-content\/uploads\/2022\/02\/m-Logo-mITSM-Claim.png","contentUrl":"https:\/\/www.mitsm.de\/wp-content\/uploads\/2022\/02\/m-Logo-mITSM-Claim.png","width":883,"height":225,"caption":"mITSM GmbH"},"image":{"@id":"https:\/\/www.mitsm.de\/at\/#\/schema\/logo\/image\/"},"sameAs":["https:\/\/www.facebook.com\/mITSM.ITSM\/","https:\/\/x.com\/mITSM_GmbH","https:\/\/www.linkedin.com\/company\/mitsm-gmbh\/","https:\/\/www.youtube.com\/channel\/UCbcMiyXGY1oRGDVw4B5ETfQ"]},{"@type":"Person","@id":"https:\/\/www.mitsm.de\/at\/#\/schema\/person\/498ec637c1456adb39a60f6949974008","name":"Caterina Wolf","image":{"@type":"ImageObject","inLanguage":"de-AT","@id":"https:\/\/secure.gravatar.com\/avatar\/6d2e20ddf507650e01325ac4af0f6c58de526d6c009d2f0f51b34aef3e3c2d3d?s=96&d=mm&r=g","url":"https:\/\/secure.gravatar.com\/avatar\/6d2e20ddf507650e01325ac4af0f6c58de526d6c009d2f0f51b34aef3e3c2d3d?s=96&d=mm&r=g","contentUrl":"https:\/\/secure.gravatar.com\/avatar\/6d2e20ddf507650e01325ac4af0f6c58de526d6c009d2f0f51b34aef3e3c2d3d?s=96&d=mm&r=g","caption":"Caterina Wolf"},"url":"https:\/\/www.mitsm.de\/at\/author\/caterinahasler\/"}]}},"acf":[],"_links":{"self":[{"href":"https:\/\/www.mitsm.de\/at\/api\/wp\/v2\/posts\/67273","targetHints":{"allow":["GET"]}}],"collection":[{"href":"https:\/\/www.mitsm.de\/at\/api\/wp\/v2\/posts"}],"about":[{"href":"https:\/\/www.mitsm.de\/at\/api\/wp\/v2\/types\/post"}],"author":[{"embeddable":true,"href":"https:\/\/www.mitsm.de\/at\/api\/wp\/v2\/users\/11"}],"replies":[{"embeddable":true,"href":"https:\/\/www.mitsm.de\/at\/api\/wp\/v2\/comments?post=67273"}],"version-history":[{"count":0,"href":"https:\/\/www.mitsm.de\/at\/api\/wp\/v2\/posts\/67273\/revisions"}],"wp:featuredmedia":[{"embeddable":true,"href":"https:\/\/www.mitsm.de\/at\/api\/wp\/v2\/media\/67274"}],"wp:attachment":[{"href":"https:\/\/www.mitsm.de\/at\/api\/wp\/v2\/media?parent=67273"}],"wp:term":[{"taxonomy":"category","embeddable":true,"href":"https:\/\/www.mitsm.de\/at\/api\/wp\/v2\/categories?post=67273"},{"taxonomy":"post_tag","embeddable":true,"href":"https:\/\/www.mitsm.de\/at\/api\/wp\/v2\/tags?post=67273"}],"curies":[{"name":"wp","href":"https:\/\/api.w.org\/{rel}","templated":true}]}}