{"id":67302,"date":"2023-03-29T17:39:35","date_gmt":"2023-03-29T15:39:35","guid":{"rendered":"https:\/\/www.mitsm.de\/mitsm-ab-sofort-auch-in-vorarlberg\/"},"modified":"2026-04-07T12:21:53","modified_gmt":"2026-04-07T10:21:53","slug":"mitsm-ab-sofort-auch-in-vorarlberg","status":"publish","type":"post","link":"https:\/\/www.mitsm.de\/at\/mitsm-ab-sofort-auch-in-vorarlberg\/","title":{"rendered":"Ab sofort: mITSM in Vorarlberg"},"content":{"rendered":"\n<figure class=\"wp-block-gallery has-nested-images columns-default is-cropped wp-block-gallery-1 is-layout-flex wp-block-gallery-is-layout-flex\">\n<figure class=\"wp-block-image size-full\"><img decoding=\"async\" width=\"535\" height=\"361\" data-id=\"40502\" src=\"https:\/\/www.mitsm.de\/wp-content\/uploads\/2024\/01\/mITSM-Trainings-Vorarlberg.jpg\" alt=\"\" class=\"wp-image-40502\" srcset=\"https:\/\/www.mitsm.de\/wp-content\/uploads\/2024\/01\/mITSM-Trainings-Vorarlberg.jpg 535w, https:\/\/www.mitsm.de\/wp-content\/uploads\/2024\/01\/mITSM-Trainings-Vorarlberg-300x202.jpg 300w, https:\/\/www.mitsm.de\/wp-content\/uploads\/2024\/01\/mITSM-Trainings-Vorarlberg-100x67.jpg 100w, https:\/\/www.mitsm.de\/wp-content\/uploads\/2024\/01\/mITSM-Trainings-Vorarlberg-242x163.jpg 242w, https:\/\/www.mitsm.de\/wp-content\/uploads\/2024\/01\/mITSM-Trainings-Vorarlberg-400x270.jpg 400w\" sizes=\"(max-width: 535px) 100vw, 535px\" \/><\/figure>\n<\/figure>\n\n\n\n<p>Wir freuen uns ab sofort einige unserer beliebtesten Kurse auch in Vorarlberg anbieten zu k\u00f6nnen. <br>Am wundersch\u00f6nen Bodensee werden bald folgende unserer Grundlagen-Schulungen stattfinden:<\/p>\n\n\n\n<ul class=\"wp-block-list\">\n<li><a href=\"https:\/\/www.mitsm.de\/at\/schulung\/security-basics\/\" target=\"_blank\" rel=\"noreferrer noopener\">IT Security Basics<\/a><\/li>\n\n\n\n<li><a href=\"https:\/\/www.mitsm.de\/at\/schulung\/scrum\/scrum-foundation\/\" target=\"_blank\" rel=\"noreferrer noopener\">Scrum Master &amp; Product Owner Foundation<\/a><\/li>\n\n\n\n<li><a href=\"https:\/\/www.mitsm.de\/at\/schulung\/itil\/itil-foundation\/\" target=\"_blank\" rel=\"noreferrer noopener\">ITIL 4 Foundation<\/a><\/li>\n\n\n\n<li><a href=\"https:\/\/www.mitsm.de\/at\/schulung\/iso-27001\/iso-27001-foundation\/\" target=\"_blank\" rel=\"noreferrer noopener\">ISO 27001 Foundation<\/a><\/li>\n<\/ul>\n\n\n\n<p>Der erste Termin ist der 08.05.2023 f\u00fcr das IT Security Basics Training. <\/p>\n\n\n\n<p>Als Veranstaltungsort haben wir das wundersch\u00f6ne Seminarhotel Schloss Hofen, in der Hofer Str. 26, 6911 Lochau, in \u00d6sterreich ausgew\u00e4hlt.<\/p>\n\n\n\n<p><br>Alle Wissbegierigen aus Bregenz, Dornbirn, Feldkirch, Montafon, Lindau, Friedrichshafen, Konstanz, St. Gallen, Vaduz, Schaan und Umgebung m\u00fcssen nun also nicht mehr bis nach M\u00fcnchen fahren, wenn sie eine unserer Pr\u00e4senzschulungen besuchen wollen. Alternativ kannst du nat\u00fcrlich auch weiterhin an unseren Online Live Trainings teilnehmen, oder ein Inhouse-Seminar bei deiner Firma vor Ort buchen.<\/p>\n\n\n\n<p><a href=\"https:\/\/www.mitsm.de\/at\/schulung\/foundation-trainings-vorarlberg\/\" target=\"_blank\" rel=\"noreferrer noopener\">Alle Termine in Voralberg findest du hier.<\/a><\/p>\n\n\n\n<p><br>Wir freuen uns, euch bald am Bodensee in einer unserer Schulungen begr\u00fc\u00dfen zu d\u00fcrfen!<\/p>\n\n\n\n<p>Bei Interesse oder Fragen melde dich gerne <a href=\"mailto:sales@mitsm.de\">per E-Mail<\/a> bei uns! <\/p>\n","protected":false},"excerpt":{"rendered":"<p>Wir freuen uns ab sofort einige unserer beliebtesten Kurse auch in Vorarlberg anbieten zu k\u00f6nnen. Am wundersch\u00f6nen Bodensee werden bald folgende unserer Grundlagen-Schulungen stattfinden: Der erste Termin ist der 08.05.2023 f\u00fcr das IT Security Basics Training. Als Veranstaltungsort haben wir \u2026&nbsp;<a class=\"moretag\" href=\"https:\/\/www.mitsm.de\/at\/mitsm-ab-sofort-auch-in-vorarlberg\/\">weiterlesen<\/a><\/p>\n","protected":false},"author":11,"featured_media":67304,"comment_status":"closed","ping_status":"open","sticky":false,"template":"","format":"standard","meta":{"_improvement_type_select":"improve_an_existing","_thumb_yes_seoaic":false,"_frame_yes_seoaic":false,"seoaic_generate_description":"","seoaic_improve_instructions_prompt":"","seoaic_rollback_content_improvement":"","seoaic_idea_thumbnail_generator":"","thumbnail_generated":false,"thumbnail_generate_prompt":"","seoaic_article_description":"","seoaic_article_subtitles":[],"footnotes":""},"categories":[1],"tags":[],"class_list":["post-67302","post","type-post","status-publish","format-standard","has-post-thumbnail","hentry","category-nicht-kategorisiert"],"yoast_head":"<!-- This site is optimized with the Yoast SEO Premium plugin v27.4 (Yoast SEO v27.5) - https:\/\/yoast.com\/product\/yoast-seo-premium-wordpress\/ -->\n<title>Ab sofort: mITSM in Vorarlberg - mITSM<\/title>\n<meta name=\"description\" content=\"Weiterbildungen von mITSM in Vorarlberg: IT Security, Scrum Master &amp; Product Owner sowie ITIL Foundation &amp; Professional\" \/>\n<meta name=\"robots\" content=\"index, follow, max-snippet:-1, max-image-preview:large, max-video-preview:-1\" \/>\n<link rel=\"canonical\" href=\"https:\/\/www.mitsm.de\/at\/mitsm-ab-sofort-auch-in-vorarlberg\/\" \/>\n<meta property=\"og:locale\" content=\"de_DE\" \/>\n<meta property=\"og:type\" content=\"article\" \/>\n<meta property=\"og:title\" content=\"Ab sofort: mITSM in Vorarlberg\" \/>\n<meta property=\"og:description\" content=\"Weiterbildungen von mITSM in Vorarlberg: IT Security, Scrum Master &amp; Product Owner sowie ITIL Foundation &amp; Professional\" \/>\n<meta property=\"og:url\" content=\"https:\/\/www.mitsm.de\/at\/mitsm-ab-sofort-auch-in-vorarlberg\/\" \/>\n<meta property=\"og:site_name\" content=\"mITSM\" \/>\n<meta property=\"article:publisher\" content=\"https:\/\/www.facebook.com\/mITSM.ITSM\/\" \/>\n<meta property=\"article:published_time\" content=\"2023-03-29T15:39:35+00:00\" \/>\n<meta property=\"article:modified_time\" content=\"2026-04-07T10:21:53+00:00\" \/>\n<meta property=\"og:image\" content=\"https:\/\/www.mitsm.de\/wp-content\/uploads\/2023\/03\/mITSM-Vorarlberg5.png\" \/>\n\t<meta property=\"og:image:width\" content=\"710\" \/>\n\t<meta property=\"og:image:height\" content=\"360\" \/>\n\t<meta property=\"og:image:type\" content=\"image\/png\" \/>\n<meta name=\"author\" content=\"Caterina Wolf\" \/>\n<meta name=\"twitter:card\" content=\"summary_large_image\" \/>\n<meta name=\"twitter:creator\" content=\"@mITSM_GmbH\" \/>\n<meta name=\"twitter:site\" content=\"@mITSM_GmbH\" \/>\n<meta name=\"twitter:label1\" content=\"Verfasst von\" \/>\n\t<meta name=\"twitter:data1\" content=\"Caterina Wolf\" \/>\n\t<meta name=\"twitter:label2\" content=\"Gesch\u00e4tzte Lesezeit\" \/>\n\t<meta name=\"twitter:data2\" content=\"3 Minuten\" \/>\n<script type=\"application\/ld+json\" class=\"yoast-schema-graph\">{\"@context\":\"https:\\\/\\\/schema.org\",\"@graph\":[{\"@type\":\"Article\",\"@id\":\"https:\\\/\\\/www.mitsm.de\\\/at\\\/mitsm-ab-sofort-auch-in-vorarlberg\\\/#article\",\"isPartOf\":{\"@id\":\"https:\\\/\\\/www.mitsm.de\\\/at\\\/mitsm-ab-sofort-auch-in-vorarlberg\\\/\"},\"author\":{\"name\":\"Caterina Wolf\",\"@id\":\"https:\\\/\\\/www.mitsm.de\\\/at\\\/#\\\/schema\\\/person\\\/498ec637c1456adb39a60f6949974008\"},\"headline\":\"Ab sofort: mITSM in Vorarlberg\",\"datePublished\":\"2023-03-29T15:39:35+00:00\",\"dateModified\":\"2026-04-07T10:21:53+00:00\",\"mainEntityOfPage\":{\"@id\":\"https:\\\/\\\/www.mitsm.de\\\/at\\\/mitsm-ab-sofort-auch-in-vorarlberg\\\/\"},\"wordCount\":166,\"publisher\":{\"@id\":\"https:\\\/\\\/www.mitsm.de\\\/at\\\/#organization\"},\"image\":{\"@id\":\"https:\\\/\\\/www.mitsm.de\\\/at\\\/mitsm-ab-sofort-auch-in-vorarlberg\\\/#primaryimage\"},\"thumbnailUrl\":\"https:\\\/\\\/www.mitsm.de\\\/wp-content\\\/uploads\\\/2023\\\/03\\\/mITSM-Vorarlberg5.png\",\"articleSection\":[\"Nicht kategorisiert\"],\"inLanguage\":\"de-AT\"},{\"@type\":\"WebPage\",\"@id\":\"https:\\\/\\\/www.mitsm.de\\\/at\\\/mitsm-ab-sofort-auch-in-vorarlberg\\\/\",\"url\":\"https:\\\/\\\/www.mitsm.de\\\/at\\\/mitsm-ab-sofort-auch-in-vorarlberg\\\/\",\"name\":\"Ab sofort: mITSM in Vorarlberg - mITSM\",\"isPartOf\":{\"@id\":\"https:\\\/\\\/www.mitsm.de\\\/at\\\/#website\"},\"primaryImageOfPage\":{\"@id\":\"https:\\\/\\\/www.mitsm.de\\\/at\\\/mitsm-ab-sofort-auch-in-vorarlberg\\\/#primaryimage\"},\"image\":{\"@id\":\"https:\\\/\\\/www.mitsm.de\\\/at\\\/mitsm-ab-sofort-auch-in-vorarlberg\\\/#primaryimage\"},\"thumbnailUrl\":\"https:\\\/\\\/www.mitsm.de\\\/wp-content\\\/uploads\\\/2023\\\/03\\\/mITSM-Vorarlberg5.png\",\"datePublished\":\"2023-03-29T15:39:35+00:00\",\"dateModified\":\"2026-04-07T10:21:53+00:00\",\"description\":\"Weiterbildungen von mITSM in Vorarlberg: IT Security, Scrum Master & Product Owner sowie ITIL Foundation & Professional\",\"breadcrumb\":{\"@id\":\"https:\\\/\\\/www.mitsm.de\\\/at\\\/mitsm-ab-sofort-auch-in-vorarlberg\\\/#breadcrumb\"},\"inLanguage\":\"de-AT\",\"potentialAction\":[{\"@type\":\"ReadAction\",\"target\":[\"https:\\\/\\\/www.mitsm.de\\\/at\\\/mitsm-ab-sofort-auch-in-vorarlberg\\\/\"]}]},{\"@type\":\"ImageObject\",\"inLanguage\":\"de-AT\",\"@id\":\"https:\\\/\\\/www.mitsm.de\\\/at\\\/mitsm-ab-sofort-auch-in-vorarlberg\\\/#primaryimage\",\"url\":\"https:\\\/\\\/www.mitsm.de\\\/wp-content\\\/uploads\\\/2023\\\/03\\\/mITSM-Vorarlberg5.png\",\"contentUrl\":\"https:\\\/\\\/www.mitsm.de\\\/wp-content\\\/uploads\\\/2023\\\/03\\\/mITSM-Vorarlberg5.png\",\"width\":710,\"height\":360,\"caption\":\"mITSM-Schulungen in Vorarlberg\"},{\"@type\":\"BreadcrumbList\",\"@id\":\"https:\\\/\\\/www.mitsm.de\\\/at\\\/mitsm-ab-sofort-auch-in-vorarlberg\\\/#breadcrumb\",\"itemListElement\":[{\"@type\":\"ListItem\",\"position\":1,\"name\":\"Home\",\"item\":\"https:\\\/\\\/www.mitsm.de\\\/at\\\/\"},{\"@type\":\"ListItem\",\"position\":2,\"name\":\"Ab sofort: mITSM in Vorarlberg\"}]},{\"@type\":\"WebSite\",\"@id\":\"https:\\\/\\\/www.mitsm.de\\\/at\\\/#website\",\"url\":\"https:\\\/\\\/www.mitsm.de\\\/at\\\/\",\"name\":\"mITSM\",\"description\":\"Schulung und Beratung\",\"publisher\":{\"@id\":\"https:\\\/\\\/www.mitsm.de\\\/at\\\/#organization\"},\"potentialAction\":[{\"@type\":\"SearchAction\",\"target\":{\"@type\":\"EntryPoint\",\"urlTemplate\":\"https:\\\/\\\/www.mitsm.de\\\/at\\\/?s={search_term_string}\"},\"query-input\":{\"@type\":\"PropertyValueSpecification\",\"valueRequired\":true,\"valueName\":\"search_term_string\"}}],\"inLanguage\":\"de-AT\"},{\"@type\":\"Organization\",\"@id\":\"https:\\\/\\\/www.mitsm.de\\\/at\\\/#organization\",\"name\":\"mITSM GmbH\",\"url\":\"https:\\\/\\\/www.mitsm.de\\\/at\\\/\",\"logo\":{\"@type\":\"ImageObject\",\"inLanguage\":\"de-AT\",\"@id\":\"https:\\\/\\\/www.mitsm.de\\\/at\\\/#\\\/schema\\\/logo\\\/image\\\/\",\"url\":\"https:\\\/\\\/www.mitsm.de\\\/wp-content\\\/uploads\\\/2022\\\/02\\\/m-Logo-mITSM-Claim.png\",\"contentUrl\":\"https:\\\/\\\/www.mitsm.de\\\/wp-content\\\/uploads\\\/2022\\\/02\\\/m-Logo-mITSM-Claim.png\",\"width\":883,\"height\":225,\"caption\":\"mITSM GmbH\"},\"image\":{\"@id\":\"https:\\\/\\\/www.mitsm.de\\\/at\\\/#\\\/schema\\\/logo\\\/image\\\/\"},\"sameAs\":[\"https:\\\/\\\/www.facebook.com\\\/mITSM.ITSM\\\/\",\"https:\\\/\\\/x.com\\\/mITSM_GmbH\",\"https:\\\/\\\/www.linkedin.com\\\/company\\\/mitsm-gmbh\\\/\",\"https:\\\/\\\/www.youtube.com\\\/channel\\\/UCbcMiyXGY1oRGDVw4B5ETfQ\"]},{\"@type\":\"Person\",\"@id\":\"https:\\\/\\\/www.mitsm.de\\\/at\\\/#\\\/schema\\\/person\\\/498ec637c1456adb39a60f6949974008\",\"name\":\"Caterina Wolf\",\"image\":{\"@type\":\"ImageObject\",\"inLanguage\":\"de-AT\",\"@id\":\"https:\\\/\\\/secure.gravatar.com\\\/avatar\\\/6d2e20ddf507650e01325ac4af0f6c58de526d6c009d2f0f51b34aef3e3c2d3d?s=96&d=mm&r=g\",\"url\":\"https:\\\/\\\/secure.gravatar.com\\\/avatar\\\/6d2e20ddf507650e01325ac4af0f6c58de526d6c009d2f0f51b34aef3e3c2d3d?s=96&d=mm&r=g\",\"contentUrl\":\"https:\\\/\\\/secure.gravatar.com\\\/avatar\\\/6d2e20ddf507650e01325ac4af0f6c58de526d6c009d2f0f51b34aef3e3c2d3d?s=96&d=mm&r=g\",\"caption\":\"Caterina Wolf\"},\"url\":\"https:\\\/\\\/www.mitsm.de\\\/at\\\/author\\\/caterinahasler\\\/\"}]}<\/script>\n<!-- \/ Yoast SEO Premium plugin. -->","yoast_head_json":{"title":"Ab sofort: mITSM in Vorarlberg - mITSM","description":"Weiterbildungen von mITSM in Vorarlberg: IT Security, Scrum Master & Product Owner sowie ITIL Foundation & Professional","robots":{"index":"index","follow":"follow","max-snippet":"max-snippet:-1","max-image-preview":"max-image-preview:large","max-video-preview":"max-video-preview:-1"},"canonical":"https:\/\/www.mitsm.de\/at\/mitsm-ab-sofort-auch-in-vorarlberg\/","og_locale":"de_DE","og_type":"article","og_title":"Ab sofort: mITSM in Vorarlberg","og_description":"Weiterbildungen von mITSM in Vorarlberg: IT Security, Scrum Master & Product Owner sowie ITIL Foundation & Professional","og_url":"https:\/\/www.mitsm.de\/at\/mitsm-ab-sofort-auch-in-vorarlberg\/","og_site_name":"mITSM","article_publisher":"https:\/\/www.facebook.com\/mITSM.ITSM\/","article_published_time":"2023-03-29T15:39:35+00:00","article_modified_time":"2026-04-07T10:21:53+00:00","og_image":[{"width":710,"height":360,"url":"https:\/\/www.mitsm.de\/wp-content\/uploads\/2023\/03\/mITSM-Vorarlberg5.png","type":"image\/png"}],"author":"Caterina Wolf","twitter_card":"summary_large_image","twitter_creator":"@mITSM_GmbH","twitter_site":"@mITSM_GmbH","twitter_misc":{"Verfasst von":"Caterina Wolf","Gesch\u00e4tzte Lesezeit":"3 Minuten"},"schema":{"@context":"https:\/\/schema.org","@graph":[{"@type":"Article","@id":"https:\/\/www.mitsm.de\/at\/mitsm-ab-sofort-auch-in-vorarlberg\/#article","isPartOf":{"@id":"https:\/\/www.mitsm.de\/at\/mitsm-ab-sofort-auch-in-vorarlberg\/"},"author":{"name":"Caterina Wolf","@id":"https:\/\/www.mitsm.de\/at\/#\/schema\/person\/498ec637c1456adb39a60f6949974008"},"headline":"Ab sofort: mITSM in Vorarlberg","datePublished":"2023-03-29T15:39:35+00:00","dateModified":"2026-04-07T10:21:53+00:00","mainEntityOfPage":{"@id":"https:\/\/www.mitsm.de\/at\/mitsm-ab-sofort-auch-in-vorarlberg\/"},"wordCount":166,"publisher":{"@id":"https:\/\/www.mitsm.de\/at\/#organization"},"image":{"@id":"https:\/\/www.mitsm.de\/at\/mitsm-ab-sofort-auch-in-vorarlberg\/#primaryimage"},"thumbnailUrl":"https:\/\/www.mitsm.de\/wp-content\/uploads\/2023\/03\/mITSM-Vorarlberg5.png","articleSection":["Nicht kategorisiert"],"inLanguage":"de-AT"},{"@type":"WebPage","@id":"https:\/\/www.mitsm.de\/at\/mitsm-ab-sofort-auch-in-vorarlberg\/","url":"https:\/\/www.mitsm.de\/at\/mitsm-ab-sofort-auch-in-vorarlberg\/","name":"Ab sofort: mITSM in Vorarlberg - mITSM","isPartOf":{"@id":"https:\/\/www.mitsm.de\/at\/#website"},"primaryImageOfPage":{"@id":"https:\/\/www.mitsm.de\/at\/mitsm-ab-sofort-auch-in-vorarlberg\/#primaryimage"},"image":{"@id":"https:\/\/www.mitsm.de\/at\/mitsm-ab-sofort-auch-in-vorarlberg\/#primaryimage"},"thumbnailUrl":"https:\/\/www.mitsm.de\/wp-content\/uploads\/2023\/03\/mITSM-Vorarlberg5.png","datePublished":"2023-03-29T15:39:35+00:00","dateModified":"2026-04-07T10:21:53+00:00","description":"Weiterbildungen von mITSM in Vorarlberg: IT Security, Scrum Master & Product Owner sowie ITIL Foundation & Professional","breadcrumb":{"@id":"https:\/\/www.mitsm.de\/at\/mitsm-ab-sofort-auch-in-vorarlberg\/#breadcrumb"},"inLanguage":"de-AT","potentialAction":[{"@type":"ReadAction","target":["https:\/\/www.mitsm.de\/at\/mitsm-ab-sofort-auch-in-vorarlberg\/"]}]},{"@type":"ImageObject","inLanguage":"de-AT","@id":"https:\/\/www.mitsm.de\/at\/mitsm-ab-sofort-auch-in-vorarlberg\/#primaryimage","url":"https:\/\/www.mitsm.de\/wp-content\/uploads\/2023\/03\/mITSM-Vorarlberg5.png","contentUrl":"https:\/\/www.mitsm.de\/wp-content\/uploads\/2023\/03\/mITSM-Vorarlberg5.png","width":710,"height":360,"caption":"mITSM-Schulungen in Vorarlberg"},{"@type":"BreadcrumbList","@id":"https:\/\/www.mitsm.de\/at\/mitsm-ab-sofort-auch-in-vorarlberg\/#breadcrumb","itemListElement":[{"@type":"ListItem","position":1,"name":"Home","item":"https:\/\/www.mitsm.de\/at\/"},{"@type":"ListItem","position":2,"name":"Ab sofort: mITSM in Vorarlberg"}]},{"@type":"WebSite","@id":"https:\/\/www.mitsm.de\/at\/#website","url":"https:\/\/www.mitsm.de\/at\/","name":"mITSM","description":"Schulung und Beratung","publisher":{"@id":"https:\/\/www.mitsm.de\/at\/#organization"},"potentialAction":[{"@type":"SearchAction","target":{"@type":"EntryPoint","urlTemplate":"https:\/\/www.mitsm.de\/at\/?s={search_term_string}"},"query-input":{"@type":"PropertyValueSpecification","valueRequired":true,"valueName":"search_term_string"}}],"inLanguage":"de-AT"},{"@type":"Organization","@id":"https:\/\/www.mitsm.de\/at\/#organization","name":"mITSM GmbH","url":"https:\/\/www.mitsm.de\/at\/","logo":{"@type":"ImageObject","inLanguage":"de-AT","@id":"https:\/\/www.mitsm.de\/at\/#\/schema\/logo\/image\/","url":"https:\/\/www.mitsm.de\/wp-content\/uploads\/2022\/02\/m-Logo-mITSM-Claim.png","contentUrl":"https:\/\/www.mitsm.de\/wp-content\/uploads\/2022\/02\/m-Logo-mITSM-Claim.png","width":883,"height":225,"caption":"mITSM GmbH"},"image":{"@id":"https:\/\/www.mitsm.de\/at\/#\/schema\/logo\/image\/"},"sameAs":["https:\/\/www.facebook.com\/mITSM.ITSM\/","https:\/\/x.com\/mITSM_GmbH","https:\/\/www.linkedin.com\/company\/mitsm-gmbh\/","https:\/\/www.youtube.com\/channel\/UCbcMiyXGY1oRGDVw4B5ETfQ"]},{"@type":"Person","@id":"https:\/\/www.mitsm.de\/at\/#\/schema\/person\/498ec637c1456adb39a60f6949974008","name":"Caterina Wolf","image":{"@type":"ImageObject","inLanguage":"de-AT","@id":"https:\/\/secure.gravatar.com\/avatar\/6d2e20ddf507650e01325ac4af0f6c58de526d6c009d2f0f51b34aef3e3c2d3d?s=96&d=mm&r=g","url":"https:\/\/secure.gravatar.com\/avatar\/6d2e20ddf507650e01325ac4af0f6c58de526d6c009d2f0f51b34aef3e3c2d3d?s=96&d=mm&r=g","contentUrl":"https:\/\/secure.gravatar.com\/avatar\/6d2e20ddf507650e01325ac4af0f6c58de526d6c009d2f0f51b34aef3e3c2d3d?s=96&d=mm&r=g","caption":"Caterina Wolf"},"url":"https:\/\/www.mitsm.de\/at\/author\/caterinahasler\/"}]}},"acf":[],"_links":{"self":[{"href":"https:\/\/www.mitsm.de\/at\/api\/wp\/v2\/posts\/67302","targetHints":{"allow":["GET"]}}],"collection":[{"href":"https:\/\/www.mitsm.de\/at\/api\/wp\/v2\/posts"}],"about":[{"href":"https:\/\/www.mitsm.de\/at\/api\/wp\/v2\/types\/post"}],"author":[{"embeddable":true,"href":"https:\/\/www.mitsm.de\/at\/api\/wp\/v2\/users\/11"}],"replies":[{"embeddable":true,"href":"https:\/\/www.mitsm.de\/at\/api\/wp\/v2\/comments?post=67302"}],"version-history":[{"count":0,"href":"https:\/\/www.mitsm.de\/at\/api\/wp\/v2\/posts\/67302\/revisions"}],"wp:featuredmedia":[{"embeddable":true,"href":"https:\/\/www.mitsm.de\/at\/api\/wp\/v2\/media\/67304"}],"wp:attachment":[{"href":"https:\/\/www.mitsm.de\/at\/api\/wp\/v2\/media?parent=67302"}],"wp:term":[{"taxonomy":"category","embeddable":true,"href":"https:\/\/www.mitsm.de\/at\/api\/wp\/v2\/categories?post=67302"},{"taxonomy":"post_tag","embeddable":true,"href":"https:\/\/www.mitsm.de\/at\/api\/wp\/v2\/tags?post=67302"}],"curies":[{"name":"wp","href":"https:\/\/api.w.org\/{rel}","templated":true}]}}